{"id":167,"date":"2021-02-24T10:30:32","date_gmt":"2021-02-24T13:30:32","guid":{"rendered":"https:\/\/www.gerenciadoreficaz.com.br\/site\/?p=167"},"modified":"2021-02-24T10:30:34","modified_gmt":"2021-02-24T13:30:34","slug":"empreendedorismo-nao-e-so-abrir-uma-empresa","status":"publish","type":"post","link":"https:\/\/www.gerenciadoreficaz.com.br\/site\/empresas\/empreendedorismo-nao-e-so-abrir-uma-empresa\/","title":{"rendered":"Empreendedorismo n\u00e3o \u00e9 s\u00f3 abrir uma empresa!"},"content":{"rendered":"\n<p>\u00c9 claro que, para um empreendedor, abrir o seu neg\u00f3cio j\u00e1 \u00e9 uma etapa importante a ser conclu\u00edda. Mas, ser\u00e1 que ter a sua loja\/com\u00e9rcio f\u00edsica \u00e9 o suficiente? Se esperava um sim como resposta, sinto informar que o empreendedorismo n\u00e3o \u00e9 s\u00f3 abrir uma empresa. Inaugurar sua loja, por exemplo,&nbsp; \u00e9 apenas o in\u00edcio de uma jornada de muito trabalho. \u00c9 extremamente importante desenvolver uma mentalidade empreendedora juntamente com o conhecimento que possam dar um empurr\u00e3o nesta empreitada.&nbsp;<\/p>\n\n\n\n<p>Sabemos que os \u00faltimos meses n\u00e3o foram f\u00e1ceis para ningu\u00e9m, inclusive para quem empreende. Por\u00e9m, por mais incr\u00edvel que pare\u00e7a, entre janeiro e setembro de 2020, os MEIs (microempreendedores individuais) cresceram quase 15%. Este dado mostra a necessidade dos brasileiros de empreender, ter seu pr\u00f3prio neg\u00f3cio para tentar conseguir trazer retornos financeiros, j\u00e1 que <a href=\"https:\/\/www.gerenciadoreficaz.com.br\/site\/empresas\/pequenas-e-grandes-empresas-ainda-sofrem-por-causa-da-pandemia\/\">o desemprego aumentou drasticamente devido a pandemia do coronav\u00edrus<\/a>.<\/p>\n\n\n\n<h3 class=\"wp-block-heading\"><strong>O que \u00e9 empreendedorismo?<\/strong><\/h3>\n\n\n\n<p>No caso de pequenos empreendedores, ou seja, aqueles que est\u00e3o entrando neste mundo, o empreendedorismo parte da constru\u00e7\u00e3o de uma empresa a partir de ideias de neg\u00f3cio. Tem como objetivo a identifica\u00e7\u00e3o da necessidade de mercado e planejar para suprir tal necessidade. Portanto, uma das metas a serem tra\u00e7adas por um empreendedor, \u00e9 encontrar uma oportunidade de neg\u00f3cio. Frisando que o Empreendedorismo n\u00e3o \u00e9 s\u00f3 abrir uma empresa e pronto.<\/p>\n\n\n\n<p>Ent\u00e3o, pode-se dizer que o empreendedorismo \u00e9 a capacidade e disposi\u00e7\u00e3o para conceber, desenvolver e gerenciar uma empresa com o objetivo de criar um valor, ou melhor dizendo, gerar um impacto positivo, ou seja, quando um neg\u00f3cio se arrisca a explorar um novo desafio ou cria um produto\/servi\u00e7o inovador, est\u00e1 empreendendo.<\/p>\n\n\n\n<h3 class=\"wp-block-heading\"><strong>Caracter\u00edsticas de um empreendedor<\/strong><\/h3>\n\n\n\n<p>O esperado \u00e9 que tudo comece pela disciplina e dedica\u00e7\u00e3o, afinal, s\u00e3o caracter\u00edsticas \u00f3bvias e fundamentais para quem deseja empreender. Existem aquelas pessoas que procuram o empreendedorismo porque acha que trabalha muito, ou pelo simples fato de n\u00e3o admitir receber ordens, se voc\u00ea \u00e9 uma dessas pessoas, pense melhor antes de ir para o mundo empresarial.<\/p>\n\n\n\n<p>Obviamente, no futuro, ap\u00f3s seu neg\u00f3cio se consolidar ser\u00e1 poss\u00edvel reduzir a carga hor\u00e1ria de dedica\u00e7\u00e3o ao trabalho. Mas, no in\u00edcio ser\u00e1 necess\u00e1rio bastante esfor\u00e7o para o lan\u00e7amento do seu neg\u00f3cio, para assim, obter retorno sobre o investimento realizado.<\/p>\n\n\n\n<p>Outras caracter\u00edsticas s\u00e3o a paci\u00eancia e o trabalho em equipe, essenciais para quem deseja ter funcion\u00e1rios, s\u00f3cios e clientes. N\u00e3o se esque\u00e7a que trabalhar com pessoas exige mais aten\u00e7\u00e3o e paci\u00eancia.<\/p>\n\n\n\n<h3 class=\"wp-block-heading\"><strong>05 dicas b\u00e1sicas para voc\u00ea come\u00e7ar a empreender<\/strong><\/h3>\n\n\n\n<ol class=\"wp-block-list\"><li><strong>Identifique suas necessidades<\/strong><\/li><\/ol>\n\n\n\n<p>Para considerar uma ideia de neg\u00f3cio, o empreendedor precisa pesquisar se o que est\u00e1 planejando faz sentido para o seu p\u00fablico alvo. Pode ser que, na teoria, as ideias e planejamentos sejam boas, mas n\u00e3o ter\u00e1 um bom desempenho e o retorno esperado para o tipo de produto ou servi\u00e7o escolhido. Por isso, n\u00e3o deixe de realizar uma pesquisa de mercado, \u00e9 extremamente importante identificar as necessidades reais do seu p\u00fablico alvo.<\/p>\n\n\n\n<ol class=\"wp-block-list\" start=\"2\"><li><strong>Estude a concorr\u00eancia<\/strong><\/li><\/ol>\n\n\n\n<p>No t\u00f3pico anterior, foi citado a import\u00e2ncia de um empreendedor identificar suas necessidades para que determinado lan\u00e7amento tenha o retorno esperado. Entretanto, para que isso aconte\u00e7a \u00e9 preciso levar em conta quem s\u00e3o os seus concorrentes no mercado. A identifica\u00e7\u00e3o de concorr\u00eancia ajuda na cria\u00e7\u00e3o de um diferencial competitivo na hora de oferecer um produto\/servi\u00e7o de qualidade e inovador aos clientes.&nbsp;<\/p>\n\n\n\n<ol class=\"wp-block-list\" start=\"3\"><li><strong>Onde vender meus produtos\/servi\u00e7os?<\/strong><\/li><\/ol>\n\n\n\n<p>Definir os canais de vendas do seu neg\u00f3cio \u00e9 fundamental para estabelecer estrat\u00e9gias que possam funcionar para cada canal. Com o novo tempo em que estamos vivendo, o mundo digital est\u00e1 sendo uma das formas mais procuradas por empreendedores para mostrar seu trabalho e conseguir um bom retorno. Ent\u00e3o, desenvolva planos de a\u00e7\u00e3o para cada canal. Claro que n\u00e3o poder\u00e1 utilizar a mesma estrat\u00e9gia de venda para o Instagram e Whatsapp por exemplo, por isso estabele\u00e7a um objetivo dentro do seu modelo de neg\u00f3cio e avalie os resultados de cada frente escolhida.<\/p>\n\n\n\n<ol class=\"wp-block-list\" start=\"4\"><li><strong>Tenha o capital<\/strong><\/li><\/ol>\n\n\n\n<p>O investimento que voc\u00ea ir\u00e1 fazer para abrir um neg\u00f3cio depende do tipo de empresa a ser aberta. Se voc\u00ea deseja iniciar um neg\u00f3cio online, por exemplo, o dinheiro desembolsado provavelmente ser\u00e1 menor do que se fosse alugar uma loja f\u00edsica. Sendo assim, estabele\u00e7a o espa\u00e7o que ser\u00e1 do seu neg\u00f3cio, e depois consiga o capital que ser\u00e1 investido.<\/p>\n\n\n\n<ol class=\"wp-block-list\" start=\"5\"><li><strong>Desenvolva perfil empreendedor<\/strong><\/li><\/ol>\n\n\n\n<p>Inaugurar um neg\u00f3cio envolve muita paci\u00eancia e m\u00e3o na massa, por\u00e9m \u00e9 necess\u00e1rio desenvolver algumas habilidades de um empres\u00e1rio, como lideran\u00e7a, trabalho em equipe e ouvinte. Essas caracter\u00edsticas s\u00e3o muito importantes para que voc\u00ea e sua equipe tenham uma boa conviv\u00eancia e consequentemente, trazem melhores resultados para a empresa.<\/p>\n","protected":false},"excerpt":{"rendered":"<p>\u00c9 claro que, para um empreendedor, abrir o seu neg\u00f3cio j\u00e1 \u00e9 uma etapa importante a ser conclu\u00edda. Mas, ser\u00e1 que ter a sua loja\/com\u00e9rcio f\u00edsica \u00e9 o suficiente? Se esperava um sim como resposta, sinto informar que o empreendedorismo n\u00e3o \u00e9 s\u00f3 abrir uma empresa. Inaugurar sua loja, por exemplo,&nbsp; \u00e9 apenas o in\u00edcio [&hellip;]<\/p>\n","protected":false},"author":1,"featured_media":170,"comment_status":"open","ping_status":"open","sticky":false,"template":"","format":"standard","meta":{"footnotes":""},"categories":[3,4,7],"tags":[12,13,17,15,16,14],"class_list":["post-167","post","type-post","status-publish","format-standard","has-post-thumbnail","hentry","category-administracao","category-empresas","category-tecnologia","tag-empreendedorismo","tag-empresas","tag-gerenciadoreficaz","tag-gestao","tag-microempreendedor","tag-negocio"],"yoast_head":"<!-- This site is optimized with the Yoast SEO plugin v17.6 - https:\/\/yoast.com\/wordpress\/plugins\/seo\/ -->\n<title>Empreendedorismo n\u00e3o \u00e9 s\u00f3 abrir uma empresa - Gerenciador Eficaz<\/title>\n<meta name=\"description\" content=\"Entre janeiro e setembro de 2020, os Microempreendedores cresceram quase 15%. Por\u00e9m, o empreendedorismo n\u00e3o \u00e9 s\u00f3 abrir uma empresa.\" \/>\n<meta name=\"robots\" content=\"index, follow, max-snippet:-1, max-image-preview:large, max-video-preview:-1\" \/>\n<link rel=\"canonical\" href=\"https:\/\/www.gerenciadoreficaz.com.br\/site\/administracao\/empreendedorismo-nao-e-so-abrir-uma-empresa\/\" \/>\n<meta property=\"og:locale\" content=\"pt_BR\" \/>\n<meta property=\"og:type\" content=\"article\" \/>\n<meta property=\"og:title\" content=\"Empreendedorismo n\u00e3o \u00e9 s\u00f3 abrir uma empresa - Gerenciador Eficaz\" \/>\n<meta property=\"og:description\" content=\"Entre janeiro e setembro de 2020, os Microempreendedores cresceram quase 15%. Por\u00e9m, o empreendedorismo n\u00e3o \u00e9 s\u00f3 abrir uma empresa.\" \/>\n<meta property=\"og:url\" content=\"https:\/\/www.gerenciadoreficaz.com.br\/site\/administracao\/empreendedorismo-nao-e-so-abrir-uma-empresa\/\" \/>\n<meta property=\"og:site_name\" content=\"Gerenciador Eficaz\" \/>\n<meta property=\"article:publisher\" content=\"https:\/\/www.facebook.com\/GerenciadorEficaz\" \/>\n<meta property=\"article:published_time\" content=\"2021-02-24T13:30:32+00:00\" \/>\n<meta property=\"article:modified_time\" content=\"2021-02-24T13:30:34+00:00\" \/>\n<meta property=\"og:image\" content=\"https:\/\/www.gerenciadoreficaz.com.br\/site\/wp-content\/uploads\/2021\/02\/capa-blog.png\" \/>\n\t<meta property=\"og:image:width\" content=\"772\" \/>\n\t<meta property=\"og:image:height\" content=\"475\" \/>\n<meta name=\"twitter:card\" content=\"summary_large_image\" \/>\n<meta name=\"twitter:label1\" content=\"Escrito por\" \/>\n\t<meta name=\"twitter:data1\" content=\"red-admin\" \/>\n\t<meta name=\"twitter:label2\" content=\"Est. tempo de leitura\" \/>\n\t<meta name=\"twitter:data2\" content=\"4 minutos\" \/>\n<script type=\"application\/ld+json\" class=\"yoast-schema-graph\">{\"@context\":\"https:\/\/schema.org\",\"@graph\":[{\"@type\":\"Organization\",\"@id\":\"https:\/\/www.gerenciadoreficaz.com.br\/site\/#organization\",\"name\":\"Regra Consultoria\",\"url\":\"https:\/\/www.gerenciadoreficaz.com.br\/site\/\",\"sameAs\":[\"https:\/\/www.facebook.com\/GerenciadorEficaz\",\"https:\/\/www.instagram.com\/gerenciadoreficaz\/\",\"https:\/\/www.linkedin.com\/company\/regra-consultoria-e-inform-tica-ltda\/about\/\"],\"logo\":{\"@type\":\"ImageObject\",\"@id\":\"https:\/\/www.gerenciadoreficaz.com.br\/site\/#logo\",\"inLanguage\":\"pt-BR\",\"url\":\"https:\/\/www.gerenciadoreficaz.com.br\/site\/wp-content\/uploads\/2021\/01\/logo.png\",\"contentUrl\":\"https:\/\/www.gerenciadoreficaz.com.br\/site\/wp-content\/uploads\/2021\/01\/logo.png\",\"width\":264,\"height\":65,\"caption\":\"Regra Consultoria\"},\"image\":{\"@id\":\"https:\/\/www.gerenciadoreficaz.com.br\/site\/#logo\"}},{\"@type\":\"WebSite\",\"@id\":\"https:\/\/www.gerenciadoreficaz.com.br\/site\/#website\",\"url\":\"https:\/\/www.gerenciadoreficaz.com.br\/site\/\",\"name\":\"Gerenciador Eficaz\",\"description\":\"Programa para emiss\\u00e3o de nota fiscal, controle de estoque, vendas, financeiro e muito mais!\",\"publisher\":{\"@id\":\"https:\/\/www.gerenciadoreficaz.com.br\/site\/#organization\"},\"potentialAction\":[{\"@type\":\"SearchAction\",\"target\":{\"@type\":\"EntryPoint\",\"urlTemplate\":\"https:\/\/www.gerenciadoreficaz.com.br\/site\/?s={search_term_string}\"},\"query-input\":\"required name=search_term_string\"}],\"inLanguage\":\"pt-BR\"},{\"@type\":\"ImageObject\",\"@id\":\"https:\/\/www.gerenciadoreficaz.com.br\/site\/administracao\/empreendedorismo-nao-e-so-abrir-uma-empresa\/#primaryimage\",\"inLanguage\":\"pt-BR\",\"url\":\"https:\/\/www.gerenciadoreficaz.com.br\/site\/wp-content\/uploads\/2021\/02\/capa-blog.png\",\"contentUrl\":\"https:\/\/www.gerenciadoreficaz.com.br\/site\/wp-content\/uploads\/2021\/02\/capa-blog.png\",\"width\":772,\"height\":475,\"caption\":\"empreendedorismo\"},{\"@type\":\"WebPage\",\"@id\":\"https:\/\/www.gerenciadoreficaz.com.br\/site\/administracao\/empreendedorismo-nao-e-so-abrir-uma-empresa\/#webpage\",\"url\":\"https:\/\/www.gerenciadoreficaz.com.br\/site\/administracao\/empreendedorismo-nao-e-so-abrir-uma-empresa\/\",\"name\":\"Empreendedorismo n\\u00e3o \\u00e9 s\\u00f3 abrir uma empresa - Gerenciador Eficaz\",\"isPartOf\":{\"@id\":\"https:\/\/www.gerenciadoreficaz.com.br\/site\/#website\"},\"primaryImageOfPage\":{\"@id\":\"https:\/\/www.gerenciadoreficaz.com.br\/site\/administracao\/empreendedorismo-nao-e-so-abrir-uma-empresa\/#primaryimage\"},\"datePublished\":\"2021-02-24T13:30:32+00:00\",\"dateModified\":\"2021-02-24T13:30:34+00:00\",\"description\":\"Entre janeiro e setembro de 2020, os Microempreendedores cresceram quase 15%. Por\\u00e9m, o empreendedorismo n\\u00e3o \\u00e9 s\\u00f3 abrir uma empresa.\",\"breadcrumb\":{\"@id\":\"https:\/\/www.gerenciadoreficaz.com.br\/site\/administracao\/empreendedorismo-nao-e-so-abrir-uma-empresa\/#breadcrumb\"},\"inLanguage\":\"pt-BR\",\"potentialAction\":[{\"@type\":\"ReadAction\",\"target\":[\"https:\/\/www.gerenciadoreficaz.com.br\/site\/administracao\/empreendedorismo-nao-e-so-abrir-uma-empresa\/\"]}]},{\"@type\":\"BreadcrumbList\",\"@id\":\"https:\/\/www.gerenciadoreficaz.com.br\/site\/administracao\/empreendedorismo-nao-e-so-abrir-uma-empresa\/#breadcrumb\",\"itemListElement\":[{\"@type\":\"ListItem\",\"position\":1,\"name\":\"In\\u00edcio\",\"item\":\"https:\/\/www.gerenciadoreficaz.com.br\/site\/\"},{\"@type\":\"ListItem\",\"position\":2,\"name\":\"Empreendedorismo n\\u00e3o \\u00e9 s\\u00f3 abrir uma empresa!\"}]},{\"@type\":\"Article\",\"@id\":\"https:\/\/www.gerenciadoreficaz.com.br\/site\/administracao\/empreendedorismo-nao-e-so-abrir-uma-empresa\/#article\",\"isPartOf\":{\"@id\":\"https:\/\/www.gerenciadoreficaz.com.br\/site\/administracao\/empreendedorismo-nao-e-so-abrir-uma-empresa\/#webpage\"},\"author\":{\"@id\":\"https:\/\/www.gerenciadoreficaz.com.br\/site\/#\/schema\/person\/75a016f76d976cd1b9d83c3d21aa6945\"},\"headline\":\"Empreendedorismo n\\u00e3o \\u00e9 s\\u00f3 abrir uma empresa!\",\"datePublished\":\"2021-02-24T13:30:32+00:00\",\"dateModified\":\"2021-02-24T13:30:34+00:00\",\"mainEntityOfPage\":{\"@id\":\"https:\/\/www.gerenciadoreficaz.com.br\/site\/administracao\/empreendedorismo-nao-e-so-abrir-uma-empresa\/#webpage\"},\"wordCount\":843,\"commentCount\":0,\"publisher\":{\"@id\":\"https:\/\/www.gerenciadoreficaz.com.br\/site\/#organization\"},\"image\":{\"@id\":\"https:\/\/www.gerenciadoreficaz.com.br\/site\/administracao\/empreendedorismo-nao-e-so-abrir-uma-empresa\/#primaryimage\"},\"thumbnailUrl\":\"https:\/\/www.gerenciadoreficaz.com.br\/site\/wp-content\/uploads\/2021\/02\/capa-blog.png\",\"keywords\":[\"#empreendedorismo\",\"#empresas\",\"#gerenciadoreficaz\",\"#gestao\",\"#microempreendedor\",\"#negocio\"],\"articleSection\":[\"Administra\\u00e7\\u00e3o\",\"Empresas\",\"Tecnologia\"],\"inLanguage\":\"pt-BR\",\"potentialAction\":[{\"@type\":\"CommentAction\",\"name\":\"Comment\",\"target\":[\"https:\/\/www.gerenciadoreficaz.com.br\/site\/administracao\/empreendedorismo-nao-e-so-abrir-uma-empresa\/#respond\"]}]},{\"@type\":\"Person\",\"@id\":\"https:\/\/www.gerenciadoreficaz.com.br\/site\/#\/schema\/person\/75a016f76d976cd1b9d83c3d21aa6945\",\"name\":\"red-admin\",\"image\":{\"@type\":\"ImageObject\",\"@id\":\"https:\/\/www.gerenciadoreficaz.com.br\/site\/#personlogo\",\"inLanguage\":\"pt-BR\",\"url\":\"https:\/\/secure.gravatar.com\/avatar\/73c02f5c35c0792d9fa455124fa6e22777bd7491a96fb09bb20617a477a62e69?s=96&d=mm&r=g\",\"contentUrl\":\"https:\/\/secure.gravatar.com\/avatar\/73c02f5c35c0792d9fa455124fa6e22777bd7491a96fb09bb20617a477a62e69?s=96&d=mm&r=g\",\"caption\":\"red-admin\"},\"sameAs\":[\"https:\/\/www.gerenciadoreficaz.com.br\/site\/2021\"]}]}<\/script>\n<!-- \/ Yoast SEO plugin. -->","yoast_head_json":{"title":"Empreendedorismo n\u00e3o \u00e9 s\u00f3 abrir uma empresa - Gerenciador Eficaz","description":"Entre janeiro e setembro de 2020, os Microempreendedores cresceram quase 15%. Por\u00e9m, o empreendedorismo n\u00e3o \u00e9 s\u00f3 abrir uma empresa.","robots":{"index":"index","follow":"follow","max-snippet":"max-snippet:-1","max-image-preview":"max-image-preview:large","max-video-preview":"max-video-preview:-1"},"canonical":"https:\/\/www.gerenciadoreficaz.com.br\/site\/administracao\/empreendedorismo-nao-e-so-abrir-uma-empresa\/","og_locale":"pt_BR","og_type":"article","og_title":"Empreendedorismo n\u00e3o \u00e9 s\u00f3 abrir uma empresa - Gerenciador Eficaz","og_description":"Entre janeiro e setembro de 2020, os Microempreendedores cresceram quase 15%. Por\u00e9m, o empreendedorismo n\u00e3o \u00e9 s\u00f3 abrir uma empresa.","og_url":"https:\/\/www.gerenciadoreficaz.com.br\/site\/administracao\/empreendedorismo-nao-e-so-abrir-uma-empresa\/","og_site_name":"Gerenciador Eficaz","article_publisher":"https:\/\/www.facebook.com\/GerenciadorEficaz","article_published_time":"2021-02-24T13:30:32+00:00","article_modified_time":"2021-02-24T13:30:34+00:00","og_image":[{"width":772,"height":475,"url":"https:\/\/www.gerenciadoreficaz.com.br\/site\/wp-content\/uploads\/2021\/02\/capa-blog.png","type":"image\/png"}],"twitter_card":"summary_large_image","twitter_misc":{"Escrito por":"red-admin","Est. tempo de leitura":"4 minutos"},"schema":{"@context":"https:\/\/schema.org","@graph":[{"@type":"Organization","@id":"https:\/\/www.gerenciadoreficaz.com.br\/site\/#organization","name":"Regra Consultoria","url":"https:\/\/www.gerenciadoreficaz.com.br\/site\/","sameAs":["https:\/\/www.facebook.com\/GerenciadorEficaz","https:\/\/www.instagram.com\/gerenciadoreficaz\/","https:\/\/www.linkedin.com\/company\/regra-consultoria-e-inform-tica-ltda\/about\/"],"logo":{"@type":"ImageObject","@id":"https:\/\/www.gerenciadoreficaz.com.br\/site\/#logo","inLanguage":"pt-BR","url":"https:\/\/www.gerenciadoreficaz.com.br\/site\/wp-content\/uploads\/2021\/01\/logo.png","contentUrl":"https:\/\/www.gerenciadoreficaz.com.br\/site\/wp-content\/uploads\/2021\/01\/logo.png","width":264,"height":65,"caption":"Regra Consultoria"},"image":{"@id":"https:\/\/www.gerenciadoreficaz.com.br\/site\/#logo"}},{"@type":"WebSite","@id":"https:\/\/www.gerenciadoreficaz.com.br\/site\/#website","url":"https:\/\/www.gerenciadoreficaz.com.br\/site\/","name":"Gerenciador Eficaz","description":"Programa para emiss\u00e3o de nota fiscal, controle de estoque, vendas, financeiro e muito mais!","publisher":{"@id":"https:\/\/www.gerenciadoreficaz.com.br\/site\/#organization"},"potentialAction":[{"@type":"SearchAction","target":{"@type":"EntryPoint","urlTemplate":"https:\/\/www.gerenciadoreficaz.com.br\/site\/?s={search_term_string}"},"query-input":"required name=search_term_string"}],"inLanguage":"pt-BR"},{"@type":"ImageObject","@id":"https:\/\/www.gerenciadoreficaz.com.br\/site\/administracao\/empreendedorismo-nao-e-so-abrir-uma-empresa\/#primaryimage","inLanguage":"pt-BR","url":"https:\/\/www.gerenciadoreficaz.com.br\/site\/wp-content\/uploads\/2021\/02\/capa-blog.png","contentUrl":"https:\/\/www.gerenciadoreficaz.com.br\/site\/wp-content\/uploads\/2021\/02\/capa-blog.png","width":772,"height":475,"caption":"empreendedorismo"},{"@type":"WebPage","@id":"https:\/\/www.gerenciadoreficaz.com.br\/site\/administracao\/empreendedorismo-nao-e-so-abrir-uma-empresa\/#webpage","url":"https:\/\/www.gerenciadoreficaz.com.br\/site\/administracao\/empreendedorismo-nao-e-so-abrir-uma-empresa\/","name":"Empreendedorismo n\u00e3o \u00e9 s\u00f3 abrir uma empresa - Gerenciador Eficaz","isPartOf":{"@id":"https:\/\/www.gerenciadoreficaz.com.br\/site\/#website"},"primaryImageOfPage":{"@id":"https:\/\/www.gerenciadoreficaz.com.br\/site\/administracao\/empreendedorismo-nao-e-so-abrir-uma-empresa\/#primaryimage"},"datePublished":"2021-02-24T13:30:32+00:00","dateModified":"2021-02-24T13:30:34+00:00","description":"Entre janeiro e setembro de 2020, os Microempreendedores cresceram quase 15%. Por\u00e9m, o empreendedorismo n\u00e3o \u00e9 s\u00f3 abrir uma empresa.","breadcrumb":{"@id":"https:\/\/www.gerenciadoreficaz.com.br\/site\/administracao\/empreendedorismo-nao-e-so-abrir-uma-empresa\/#breadcrumb"},"inLanguage":"pt-BR","potentialAction":[{"@type":"ReadAction","target":["https:\/\/www.gerenciadoreficaz.com.br\/site\/administracao\/empreendedorismo-nao-e-so-abrir-uma-empresa\/"]}]},{"@type":"BreadcrumbList","@id":"https:\/\/www.gerenciadoreficaz.com.br\/site\/administracao\/empreendedorismo-nao-e-so-abrir-uma-empresa\/#breadcrumb","itemListElement":[{"@type":"ListItem","position":1,"name":"In\u00edcio","item":"https:\/\/www.gerenciadoreficaz.com.br\/site\/"},{"@type":"ListItem","position":2,"name":"Empreendedorismo n\u00e3o \u00e9 s\u00f3 abrir uma empresa!"}]},{"@type":"Article","@id":"https:\/\/www.gerenciadoreficaz.com.br\/site\/administracao\/empreendedorismo-nao-e-so-abrir-uma-empresa\/#article","isPartOf":{"@id":"https:\/\/www.gerenciadoreficaz.com.br\/site\/administracao\/empreendedorismo-nao-e-so-abrir-uma-empresa\/#webpage"},"author":{"@id":"https:\/\/www.gerenciadoreficaz.com.br\/site\/#\/schema\/person\/75a016f76d976cd1b9d83c3d21aa6945"},"headline":"Empreendedorismo n\u00e3o \u00e9 s\u00f3 abrir uma empresa!","datePublished":"2021-02-24T13:30:32+00:00","dateModified":"2021-02-24T13:30:34+00:00","mainEntityOfPage":{"@id":"https:\/\/www.gerenciadoreficaz.com.br\/site\/administracao\/empreendedorismo-nao-e-so-abrir-uma-empresa\/#webpage"},"wordCount":843,"commentCount":0,"publisher":{"@id":"https:\/\/www.gerenciadoreficaz.com.br\/site\/#organization"},"image":{"@id":"https:\/\/www.gerenciadoreficaz.com.br\/site\/administracao\/empreendedorismo-nao-e-so-abrir-uma-empresa\/#primaryimage"},"thumbnailUrl":"https:\/\/www.gerenciadoreficaz.com.br\/site\/wp-content\/uploads\/2021\/02\/capa-blog.png","keywords":["#empreendedorismo","#empresas","#gerenciadoreficaz","#gestao","#microempreendedor","#negocio"],"articleSection":["Administra\u00e7\u00e3o","Empresas","Tecnologia"],"inLanguage":"pt-BR","potentialAction":[{"@type":"CommentAction","name":"Comment","target":["https:\/\/www.gerenciadoreficaz.com.br\/site\/administracao\/empreendedorismo-nao-e-so-abrir-uma-empresa\/#respond"]}]},{"@type":"Person","@id":"https:\/\/www.gerenciadoreficaz.com.br\/site\/#\/schema\/person\/75a016f76d976cd1b9d83c3d21aa6945","name":"red-admin","image":{"@type":"ImageObject","@id":"https:\/\/www.gerenciadoreficaz.com.br\/site\/#personlogo","inLanguage":"pt-BR","url":"https:\/\/secure.gravatar.com\/avatar\/73c02f5c35c0792d9fa455124fa6e22777bd7491a96fb09bb20617a477a62e69?s=96&d=mm&r=g","contentUrl":"https:\/\/secure.gravatar.com\/avatar\/73c02f5c35c0792d9fa455124fa6e22777bd7491a96fb09bb20617a477a62e69?s=96&d=mm&r=g","caption":"red-admin"},"sameAs":["https:\/\/www.gerenciadoreficaz.com.br\/site\/2021"]}]}},"_links":{"self":[{"href":"https:\/\/www.gerenciadoreficaz.com.br\/site\/wp-json\/wp\/v2\/posts\/167","targetHints":{"allow":["GET"]}}],"collection":[{"href":"https:\/\/www.gerenciadoreficaz.com.br\/site\/wp-json\/wp\/v2\/posts"}],"about":[{"href":"https:\/\/www.gerenciadoreficaz.com.br\/site\/wp-json\/wp\/v2\/types\/post"}],"author":[{"embeddable":true,"href":"https:\/\/www.gerenciadoreficaz.com.br\/site\/wp-json\/wp\/v2\/users\/1"}],"replies":[{"embeddable":true,"href":"https:\/\/www.gerenciadoreficaz.com.br\/site\/wp-json\/wp\/v2\/comments?post=167"}],"version-history":[{"count":3,"href":"https:\/\/www.gerenciadoreficaz.com.br\/site\/wp-json\/wp\/v2\/posts\/167\/revisions"}],"predecessor-version":[{"id":171,"href":"https:\/\/www.gerenciadoreficaz.com.br\/site\/wp-json\/wp\/v2\/posts\/167\/revisions\/171"}],"wp:featuredmedia":[{"embeddable":true,"href":"https:\/\/www.gerenciadoreficaz.com.br\/site\/wp-json\/wp\/v2\/media\/170"}],"wp:attachment":[{"href":"https:\/\/www.gerenciadoreficaz.com.br\/site\/wp-json\/wp\/v2\/media?parent=167"}],"wp:term":[{"taxonomy":"category","embeddable":true,"href":"https:\/\/www.gerenciadoreficaz.com.br\/site\/wp-json\/wp\/v2\/categories?post=167"},{"taxonomy":"post_tag","embeddable":true,"href":"https:\/\/www.gerenciadoreficaz.com.br\/site\/wp-json\/wp\/v2\/tags?post=167"}],"curies":[{"name":"wp","href":"https:\/\/api.w.org\/{rel}","templated":true}]}}